{"id":866,"date":"2020-04-28T16:38:11","date_gmt":"2020-04-28T14:38:11","guid":{"rendered":"https:\/\/www.obgc.unibs.it\/osservatorio\/?p=866"},"modified":"2020-04-28T16:38:12","modified_gmt":"2020-04-28T14:38:12","slug":"sentenza-dell11-dicembre-2018-n-3360-presidente-dott-raffaele-del-porto-giudice-relatore-dott-davide-scaffidi","status":"publish","type":"post","link":"https:\/\/www.obgc.unibs.it\/osservatorio\/index.php\/2020\/04\/28\/sentenza-dell11-dicembre-2018-n-3360-presidente-dott-raffaele-del-porto-giudice-relatore-dott-davide-scaffidi\/","title":{"rendered":"Sentenza dell\u201911 dicembre 2018, n. 3360 \u2013 Presidente: Dott. Raffaele Del Porto \u2013 Giudice relatore: Dott. Davide Scaffidi"},"content":{"rendered":"<div class=\"pdfprnt-buttons pdfprnt-buttons-post pdfprnt-top-right\"><a href=\"https:\/\/www.obgc.unibs.it\/osservatorio\/index.php\/wp-json\/wp\/v2\/posts\/866?print=pdf\" class=\"pdfprnt-button pdfprnt-button-pdf\" target=\"_blank\" ><img decoding=\"async\" src=\"https:\/\/www.obgc.unibs.it\/osservatorio\/wp-content\/plugins\/pdf-print\/images\/pdf.png\" alt=\"image_pdf\" title=\"Visualizza PDF\" \/><\/a><a href=\"https:\/\/www.obgc.unibs.it\/osservatorio\/index.php\/wp-json\/wp\/v2\/posts\/866?print=print\" class=\"pdfprnt-button pdfprnt-button-print\" target=\"_blank\" ><img decoding=\"async\" src=\"https:\/\/www.obgc.unibs.it\/osservatorio\/wp-content\/plugins\/pdf-print\/images\/print.png\" alt=\"image_print\" title=\"Stampa contenuto\" \/><\/a><\/div>\n<p>La protezione accordata dall\u2019ordinamento ai modelli non registrati ha, ai sensi dell\u2019art. 11 del Regolamento CE n. 6\/2002, una durata circoscritta all\u2019arco temporale dei tre anni decorrenti dalla data in cui il disegno o modello \u00e8 stato divulgato al pubblico per la prima volta. Tale protezione assicura al titolare del modello non registrato il diritto di vietare la commercializzazione di prodotti che riproducano il modello tutelato soltanto qualora l\u2019utilizzazione contestata sia derivata dalla copiatura del modello oggetto di protezione. Ipotesi, questa, che non ricorre qualora si tratti di un\u2019opera creativa realizzata in modo indipendente da un terzo e si possa ragionevolmente ritenere che costui non conoscesse il disegno o modello del titolare.<\/p>\n\n\n\n<p>Non \u00e8 tutelabile il modello comunitario non registrato che sia privo di carattere individuale. Tale requisito ricorre nel caso in cui, alla stregua di un giudizio sintetico, l\u2019utilizzatore tragga dall\u2019osservazione del modello la fondata sensazione di un\u2019impressione generale diversa da quella suscitata da qualsiasi modello divulgato anteriormente.&nbsp;<\/p>\n\n\n\n<p>In relazione all\u2019utilizzo di un determinato&nbsp;<em>packaging<\/em>&nbsp;l\u2019imitazione servile \u00e8 ipotizzabile qualora un\u2019impresa adotti illecitamente per i propri prodotti confezioni che riprendono gli attributi estetici o le forme delle confezioni dei prodotti di un concorrente, sempre che siano dotati di capacit\u00e0 distintiva, in quanto idonei a ricollegare quel determinato prodotto al suo produttore.<\/p>\n\n\n\n<p>L\u2019appropriazione di pregi ricorre qualora un\u2019impresa, in forme pubblicitarie, attribuisca ai propri prodotti qualit\u00e0 non possedute, ma appartenenti ai prodotti dell\u2019impresa concorrente. Deve trattarsi di qualit\u00e0 intrinseche del prodotto oggettivamente dotate di capacit\u00e0 individualizzante, essendo pregi assolutamente peculiari propri del concorrente e predicati del prodotto; pertanto detti pregi non possono riguardare il&nbsp;<em>packaging<\/em>, dovendo riguardare piuttosto il suo contenuto, dal momento che in qualsiasi mercato la confezione di una determinata merce non \u00e8 oggetto di opzione preferenziale autonoma e disgiunta dal suo contenuto, al netto della forza attrattiva dagli espedienti estetici di&nbsp;<em>marketing<\/em>.<\/p>\n\n\n\n<p>Il conferimento di un premio per la categoria&nbsp;<em>packaging<\/em>&nbsp;non attesta alcuna capacit\u00e0 individualizzante della confezione sul mercato di riferimento, qualora la premiazione avvenga all\u2019esito di un concorso cui partecipano soltanto gli operatori che si sono iscritti volontariamente ed escluda qualsiasi valutazione comparativa di portata generale tra prodotti del medesimo settore, idonea a individuare capacit\u00e0 individualizzanti da elevare a pregi di un prodotto.&nbsp;<\/p>\n\n\n\n<p>L\u2019illecita concorrenza per agganciamento parassitario consiste in un indebito \u201ctravaso\u201d di notoriet\u00e0 dal soggetto pi\u00f9 noto a quello meno noto, circostanza che porta ad escludere sotto il profilo logico<s>&nbsp;<\/s>la configuarabilit\u00e0 di tale fattispecie nel caso in cui sia ravvisabile un travaso di notoriet\u00e0 anomalo, ossia dal soggetto meno noto a quello pi\u00f9 noto.&nbsp;<\/p>\n\n\n\n<p><em>Principi espressi in ipotesi di rigetto della domanda di accertamento della violazione dei diritti&nbsp;<s>di<\/s>&nbsp;su un disegno o modello comunitario non registrato avente ad oggetto il&nbsp;<\/em>packaging<em>&nbsp;di prodotti alimentari, nonch\u00e9\u0301 del compimento di illeciti concorrenziali, con conseguenti richieste inibitorie e di risarcimento del danno asseritamente subito.&nbsp;<\/em><\/p>\n\n\n\n<p><em>Il Tribunale, in particolare, ha ritenuto che il modello comunitario non registrato vantato dalla societ\u00e0 attrice fosse privo del requisito del carattere individuale e in ogni caso che la realizzazione del&nbsp;<\/em>packaging&nbsp;<em>della concorrente fosse un\u2019opera di creazione indipendente, non lesiva dei diritti della prima.&nbsp;<\/em><\/p>\n\n\n\n<p><em>Il Tribunale ha escluso inoltre la configurabilit\u00e0 dell\u2019imitazione servile delle confezioni dei prodotti dell\u2019attrice in quanto le stesse risultavano essere prive di capacit\u00e0 individualizzante nella misura in cui le caratteristiche estetiche evocate apparivano del tutto standardizzate e prive di distintivit\u00e0. L\u2019idea asseritamente creativa da cui aveva tratto origine il&nbsp;<\/em>packaging<em>&nbsp;in questione rinveniva infatti il suo nucleo centrale nell\u2019utilizzo di sacchetti da forno comunemente impiegati per contenere il pane per commercializzare tramezzini.<\/em><\/p>\n\n\n\n<p><em>\u00c8 stata infine esclusa la possibilit\u00e0 di ravvisare nel caso di specie un\u2019ipotesi di&nbsp;appropriazione di pregi o di agganciamento parassitario per l\u2019assenza dei relativi presupposti.<\/em><\/p>\n\n\n\n<div class=\"wp-block-file\"><a href=\"https:\/\/www.obgc.unibs.it\/osservatorio\/wp-content\/uploads\/2020\/04\/Sent.-11.12.2018.pdf\">Sent. 11.12.2018<\/a><a href=\"https:\/\/www.obgc.unibs.it\/osservatorio\/wp-content\/uploads\/2020\/04\/Sent.-11.12.2018.pdf\" class=\"wp-block-file__button\" download>Download<\/a><\/div>\n\n\n\n<p>(Massime a cura di Francesco Maria Maffezzoni)<\/p>\n","protected":false},"excerpt":{"rendered":"<p>La protezione accordata dall\u2019ordinamento ai modelli non registrati ha, ai sensi dell\u2019art. 11 del Regolamento CE n. 6\/2002, una durata circoscritta all\u2019arco temporale dei tre anni decorrenti dalla data in cui il disegno o modello \u00e8 stato divulgato al pubblico per la prima volta. Tale protezione assicura al titolare del modello non registrato il diritto [&hellip;]<\/p>\n","protected":false},"author":9,"featured_media":0,"comment_status":"closed","ping_status":"closed","sticky":false,"template":"","format":"standard","meta":{"footnotes":""},"categories":[49],"tags":[647,143,413,649,648,643,109,645,644,646],"class_list":["post-866","post","type-post","status-publish","format-standard","hentry","category-concorrenza","tag-agganciamento-parassitario","tag-appropriazione-di-pregi","tag-art-2599-c-c","tag-artt-11-e-19-reg-ce-n-6-2002","tag-artt-2598-c-c","tag-azione-inibitoria","tag-concorrenza-sleale","tag-imitazione-servile","tag-modelli-comunitari-non-registrati","tag-packaging"],"post_mailing_queue_ids":[],"_links":{"self":[{"href":"https:\/\/www.obgc.unibs.it\/osservatorio\/index.php\/wp-json\/wp\/v2\/posts\/866","targetHints":{"allow":["GET"]}}],"collection":[{"href":"https:\/\/www.obgc.unibs.it\/osservatorio\/index.php\/wp-json\/wp\/v2\/posts"}],"about":[{"href":"https:\/\/www.obgc.unibs.it\/osservatorio\/index.php\/wp-json\/wp\/v2\/types\/post"}],"author":[{"embeddable":true,"href":"https:\/\/www.obgc.unibs.it\/osservatorio\/index.php\/wp-json\/wp\/v2\/users\/9"}],"replies":[{"embeddable":true,"href":"https:\/\/www.obgc.unibs.it\/osservatorio\/index.php\/wp-json\/wp\/v2\/comments?post=866"}],"version-history":[{"count":1,"href":"https:\/\/www.obgc.unibs.it\/osservatorio\/index.php\/wp-json\/wp\/v2\/posts\/866\/revisions"}],"predecessor-version":[{"id":868,"href":"https:\/\/www.obgc.unibs.it\/osservatorio\/index.php\/wp-json\/wp\/v2\/posts\/866\/revisions\/868"}],"wp:attachment":[{"href":"https:\/\/www.obgc.unibs.it\/osservatorio\/index.php\/wp-json\/wp\/v2\/media?parent=866"}],"wp:term":[{"taxonomy":"category","embeddable":true,"href":"https:\/\/www.obgc.unibs.it\/osservatorio\/index.php\/wp-json\/wp\/v2\/categories?post=866"},{"taxonomy":"post_tag","embeddable":true,"href":"https:\/\/www.obgc.unibs.it\/osservatorio\/index.php\/wp-json\/wp\/v2\/tags?post=866"}],"curies":[{"name":"wp","href":"https:\/\/api.w.org\/{rel}","templated":true}]}}