{"id":720,"date":"2018-06-06T23:26:01","date_gmt":"2018-06-06T21:26:01","guid":{"rendered":"http:\/\/www.obgc.unibs.it\/osservatorio\/?p=720"},"modified":"2019-09-29T23:26:19","modified_gmt":"2019-09-29T21:26:19","slug":"ordinanza-del-6-giugno-2018-presidente-dott-raffaele-del-porto-giudice-relatore-dott-stefano-rosa","status":"publish","type":"post","link":"https:\/\/www.obgc.unibs.it\/osservatorio\/index.php\/2018\/06\/06\/ordinanza-del-6-giugno-2018-presidente-dott-raffaele-del-porto-giudice-relatore-dott-stefano-rosa\/","title":{"rendered":"Ordinanza del 6 giugno 2018 \u2013 Presidente: dott. Raffaele Del Porto \u2013 Giudice relatore: dott. Stefano Rosa"},"content":{"rendered":"<div class=\"pdfprnt-buttons pdfprnt-buttons-post pdfprnt-top-right\"><a href=\"https:\/\/www.obgc.unibs.it\/osservatorio\/index.php\/wp-json\/wp\/v2\/posts\/720?print=pdf\" class=\"pdfprnt-button pdfprnt-button-pdf\" target=\"_blank\" ><img decoding=\"async\" src=\"https:\/\/www.obgc.unibs.it\/osservatorio\/wp-content\/plugins\/pdf-print\/images\/pdf.png\" alt=\"image_pdf\" title=\"Visualizza PDF\" \/><\/a><a href=\"https:\/\/www.obgc.unibs.it\/osservatorio\/index.php\/wp-json\/wp\/v2\/posts\/720?print=print\" class=\"pdfprnt-button pdfprnt-button-print\" target=\"_blank\" ><img decoding=\"async\" src=\"https:\/\/www.obgc.unibs.it\/osservatorio\/wp-content\/plugins\/pdf-print\/images\/print.png\" alt=\"image_print\" title=\"Stampa contenuto\" \/><\/a><\/div>\n<p>In tema di concorrenza sleale, ai fini della concessione dell\u2019inibitoria a seguito di descrizione, se \u00e8 vero che la domanda cautelare non pu\u00f2 poggiare su mere illazioni o spericolate induzioni fattuali, \u00e8 altres\u00ec vero che la logica propria dell\u2019istituto cautelare \u00e8 quella della prevenzione del danno o del maggior danno, sicch\u00e9 sarebbe incoerente a tale\u00a0<em>ratio<\/em> pretendere la compiuta attuazione di un programma di sviamento di clientela quale presupposto della misura.<\/p>\n\n\n\n<p><em>I principi sono stati espressi nel giudizio di reclamo&nbsp;<\/em>ex<em>promosso da una s.p.a. ed altri soggetti persone fisiche (parte reclamata) nei confronti di due s.r.l. (reclamate), avverso l\u2019ordinanza cautelare che aveva parzialmente accolto le domande cautelari proposte dalle reclamate&nbsp;<\/em><\/p>\n\n\n\n<p><em>Il Tribunale, in parziale riforma dell\u2019ordinanza impugnata, ha parzialmente accolto il reclamo disponendo la riduzione del periodo di divieto.<\/em><\/p>\n\n\n\n<div class=\"wp-block-file\"><a href=\"http:\/\/www.obgc.unibs.it\/osservatorio\/wp-content\/uploads\/2019\/09\/Ord.-6.6.18.pdf\">Ord. 6.6.18<\/a><a href=\"http:\/\/www.obgc.unibs.it\/osservatorio\/wp-content\/uploads\/2019\/09\/Ord.-6.6.18.pdf\" class=\"wp-block-file__button\" download>Download<\/a><\/div>\n\n\n\n<p>(Massima a cura di Marika Lombardi)<\/p>\n","protected":false},"excerpt":{"rendered":"<p>In tema di concorrenza sleale, ai fini della concessione dell\u2019inibitoria a seguito di descrizione, se \u00e8 vero che la domanda cautelare non pu\u00f2 poggiare su mere illazioni o spericolate induzioni fattuali, \u00e8 altres\u00ec vero che la logica propria dell\u2019istituto cautelare \u00e8 quella della prevenzione del danno o del maggior danno, sicch\u00e9 sarebbe incoerente a tale\u00a0ratio [&hellip;]<\/p>\n","protected":false},"author":9,"featured_media":0,"comment_status":"closed","ping_status":"closed","sticky":false,"template":"","format":"standard","meta":{"footnotes":""},"categories":[49],"tags":[145,159,109,106,502,92],"class_list":["post-720","post","type-post","status-publish","format-standard","hentry","category-concorrenza","tag-art-2598-c-c","tag-art-669-terdecies-c-p-c","tag-concorrenza-sleale","tag-descrizione","tag-presupposti-dellinibitoria-cautelare","tag-s-p-a"],"post_mailing_queue_ids":[],"_links":{"self":[{"href":"https:\/\/www.obgc.unibs.it\/osservatorio\/index.php\/wp-json\/wp\/v2\/posts\/720","targetHints":{"allow":["GET"]}}],"collection":[{"href":"https:\/\/www.obgc.unibs.it\/osservatorio\/index.php\/wp-json\/wp\/v2\/posts"}],"about":[{"href":"https:\/\/www.obgc.unibs.it\/osservatorio\/index.php\/wp-json\/wp\/v2\/types\/post"}],"author":[{"embeddable":true,"href":"https:\/\/www.obgc.unibs.it\/osservatorio\/index.php\/wp-json\/wp\/v2\/users\/9"}],"replies":[{"embeddable":true,"href":"https:\/\/www.obgc.unibs.it\/osservatorio\/index.php\/wp-json\/wp\/v2\/comments?post=720"}],"version-history":[{"count":1,"href":"https:\/\/www.obgc.unibs.it\/osservatorio\/index.php\/wp-json\/wp\/v2\/posts\/720\/revisions"}],"predecessor-version":[{"id":722,"href":"https:\/\/www.obgc.unibs.it\/osservatorio\/index.php\/wp-json\/wp\/v2\/posts\/720\/revisions\/722"}],"wp:attachment":[{"href":"https:\/\/www.obgc.unibs.it\/osservatorio\/index.php\/wp-json\/wp\/v2\/media?parent=720"}],"wp:term":[{"taxonomy":"category","embeddable":true,"href":"https:\/\/www.obgc.unibs.it\/osservatorio\/index.php\/wp-json\/wp\/v2\/categories?post=720"},{"taxonomy":"post_tag","embeddable":true,"href":"https:\/\/www.obgc.unibs.it\/osservatorio\/index.php\/wp-json\/wp\/v2\/tags?post=720"}],"curies":[{"name":"wp","href":"https:\/\/api.w.org\/{rel}","templated":true}]}}