{"id":654,"date":"2018-05-03T22:23:14","date_gmt":"2018-05-03T20:23:14","guid":{"rendered":"http:\/\/www.obgc.unibs.it\/osservatorio\/?p=654"},"modified":"2019-09-29T22:23:32","modified_gmt":"2019-09-29T20:23:32","slug":"decreto-del-3-maggio-2018-presidente-dott-ssa-simonetta-bruno-giudice-relatore-dott-stefano-franchioni","status":"publish","type":"post","link":"https:\/\/www.obgc.unibs.it\/osservatorio\/index.php\/2018\/05\/03\/decreto-del-3-maggio-2018-presidente-dott-ssa-simonetta-bruno-giudice-relatore-dott-stefano-franchioni\/","title":{"rendered":"Decreto del 3 maggio 2018 \u2013 Presidente: dott.ssa Simonetta Bruno \u2013 Giudice relatore: dott. Stefano Franchioni"},"content":{"rendered":"<div class=\"pdfprnt-buttons pdfprnt-buttons-post pdfprnt-top-right\"><a href=\"https:\/\/www.obgc.unibs.it\/osservatorio\/index.php\/wp-json\/wp\/v2\/posts\/654?print=pdf\" class=\"pdfprnt-button pdfprnt-button-pdf\" target=\"_blank\" ><img decoding=\"async\" src=\"https:\/\/www.obgc.unibs.it\/osservatorio\/wp-content\/plugins\/pdf-print\/images\/pdf.png\" alt=\"image_pdf\" title=\"Visualizza PDF\" \/><\/a><a href=\"https:\/\/www.obgc.unibs.it\/osservatorio\/index.php\/wp-json\/wp\/v2\/posts\/654?print=print\" class=\"pdfprnt-button pdfprnt-button-print\" target=\"_blank\" ><img decoding=\"async\" src=\"https:\/\/www.obgc.unibs.it\/osservatorio\/wp-content\/plugins\/pdf-print\/images\/print.png\" alt=\"image_print\" title=\"Stampa contenuto\" \/><\/a><\/div>\n<p>In tema di ammissione al passivo, il decreto ingiuntivo, non munito, prima della dichiarazione di fallimento, del decreto di esecutoriet\u00e0 non \u00e8 passato in cosa giudicata formale e sostanziale e non \u00e8 opponibile al fallimento, neppure nell\u2019ipotesi in cui il decreto\u00a0<em>ex<\/em> art. 647 c.p.c. venga emesso successivamente, tenuto conto del fatto che, intervenuto il fallimento, ogni credito deve essere accertato nel concorso dei creditori ai sensi dell\u2019art. 52 l. fall. (conf. Cass. n. 25191\/2017, n. 1650\/2014, n. 23202\/2013, n. 28553\/2011); sicch\u00e9, alla luce del principio di accessoriet\u00e0 che connota l\u2019ipoteca rispetto al credito garantito, il venir meno o, come nel caso di specie, l\u2019inopponibilit\u00e0 (al fallimento) del titolo giudiziale che \u201cconsacra\u201d il credito comporta anche il venir meno o l\u2019inopponibilit\u00e0 dell\u2019ipoteca costituita in forza di detto titolo giudiziale.<\/p>\n\n\n\n<p>Ai fini della formazione dello stato passivo fallimentare, il&nbsp;<em>quantum&nbsp;<\/em>dell\u2019ammissione del credito non pu\u00f2 influire sul rango del credito medesimo.<\/p>\n\n\n\n<p><em>I principi sono stati espressi nel giudizio di opposizione\u00a0<\/em>ex <em>art. 98 l. fall. promosso dal creditore, nel caso di specie, una banca, avverso il decreto di esecutivit\u00e0 dello stato passivo che aveva disposto l\u2019ammissione del credito integralmente al chirografo. L\u2019opponente, in particolare, chiedeva l\u2019ammissione del credito in via ipotecaria, in forza di ipoteca giudiziale iscritta sulla scorta del decreto ingiuntivo provvisoriamente esecutivo ottenuto nei confronti della societ\u00e0, poi fallita.<\/em><\/p>\n\n\n\n<p><em>Sul punto il Tribunale, accertata l\u2019inopponibilit\u00e0 al fallimento dell\u2019ipoteca iscritta in forza di decreto ingiuntivo provvisoriamente esecutivo, ha rigettato l\u2019opposizione, confermando l\u2019ammissione del credito in via meramente chirografaria.<\/em><\/p>\n\n\n\n<div class=\"wp-block-file\"><a href=\"http:\/\/www.obgc.unibs.it\/osservatorio\/wp-content\/uploads\/2019\/09\/Decr.-3.5.18.pdf\">Decr. 3.5.18<\/a><a href=\"http:\/\/www.obgc.unibs.it\/osservatorio\/wp-content\/uploads\/2019\/09\/Decr.-3.5.18.pdf\" class=\"wp-block-file__button\" download>Download<\/a><\/div>\n\n\n\n<p>(Massima a cura di Marika Lombardi)<\/p>\n","protected":false},"excerpt":{"rendered":"<p>In tema di ammissione al passivo, il decreto ingiuntivo, non munito, prima della dichiarazione di fallimento, del decreto di esecutoriet\u00e0 non \u00e8 passato in cosa giudicata formale e sostanziale e non \u00e8 opponibile al fallimento, neppure nell\u2019ipotesi in cui il decreto\u00a0ex art. 647 c.p.c. venga emesso successivamente, tenuto conto del fatto che, intervenuto il fallimento, [&hellip;]<\/p>\n","protected":false},"author":9,"featured_media":0,"comment_status":"closed","ping_status":"closed","sticky":false,"template":"","format":"standard","meta":{"footnotes":""},"categories":[421,51],"tags":[428,431,434,433,418,432,416],"class_list":["post-654","post","type-post","status-publish","format-standard","hentry","category-ammissione-dei-crediti-allo-stato-passivo-fallimentare","category-procedure-concorsuali","tag-art-39-t-u-b","tag-ammissione-al-passivo-fallimentare","tag-art-52-l-fall","tag-art-647-c-p-c","tag-art-98-l-fall","tag-natura-del-credito-assistito-da-ipoteca-iscritta-sulla-scorta-di-decreto-ingiuntivo-provvisoriamente-esecutivo","tag-opposizione-allo-stato-passivo"],"post_mailing_queue_ids":[],"_links":{"self":[{"href":"https:\/\/www.obgc.unibs.it\/osservatorio\/index.php\/wp-json\/wp\/v2\/posts\/654","targetHints":{"allow":["GET"]}}],"collection":[{"href":"https:\/\/www.obgc.unibs.it\/osservatorio\/index.php\/wp-json\/wp\/v2\/posts"}],"about":[{"href":"https:\/\/www.obgc.unibs.it\/osservatorio\/index.php\/wp-json\/wp\/v2\/types\/post"}],"author":[{"embeddable":true,"href":"https:\/\/www.obgc.unibs.it\/osservatorio\/index.php\/wp-json\/wp\/v2\/users\/9"}],"replies":[{"embeddable":true,"href":"https:\/\/www.obgc.unibs.it\/osservatorio\/index.php\/wp-json\/wp\/v2\/comments?post=654"}],"version-history":[{"count":1,"href":"https:\/\/www.obgc.unibs.it\/osservatorio\/index.php\/wp-json\/wp\/v2\/posts\/654\/revisions"}],"predecessor-version":[{"id":656,"href":"https:\/\/www.obgc.unibs.it\/osservatorio\/index.php\/wp-json\/wp\/v2\/posts\/654\/revisions\/656"}],"wp:attachment":[{"href":"https:\/\/www.obgc.unibs.it\/osservatorio\/index.php\/wp-json\/wp\/v2\/media?parent=654"}],"wp:term":[{"taxonomy":"category","embeddable":true,"href":"https:\/\/www.obgc.unibs.it\/osservatorio\/index.php\/wp-json\/wp\/v2\/categories?post=654"},{"taxonomy":"post_tag","embeddable":true,"href":"https:\/\/www.obgc.unibs.it\/osservatorio\/index.php\/wp-json\/wp\/v2\/tags?post=654"}],"curies":[{"name":"wp","href":"https:\/\/api.w.org\/{rel}","templated":true}]}}