{"id":1913,"date":"2023-11-28T11:28:37","date_gmt":"2023-11-28T10:28:37","guid":{"rendered":"https:\/\/www.obgc.unibs.it\/osservatorio\/?p=1913"},"modified":"2024-05-08T11:29:06","modified_gmt":"2024-05-08T09:29:06","slug":"tribunale-di-brescia-sentenza-del-28-novembre-2023-n-3054-azione-di-responsabilita-promossa-dalla-curatela-ex-art-146-co-2-l-fall-prescrizione-onere-probatorio-mala-gestio","status":"publish","type":"post","link":"https:\/\/www.obgc.unibs.it\/osservatorio\/index.php\/2023\/11\/28\/tribunale-di-brescia-sentenza-del-28-novembre-2023-n-3054-azione-di-responsabilita-promossa-dalla-curatela-ex-art-146-co-2-l-fall-prescrizione-onere-probatorio-mala-gestio\/","title":{"rendered":"Tribunale di Brescia, sentenza del 28 novembre 2023, n. 3054 \u2013 azione di responsabilit\u00e0 promossa dalla curatela ex art. 146, co. 2, L. fall, prescrizione, onere probatorio, mala gestio"},"content":{"rendered":"<div class=\"pdfprnt-buttons pdfprnt-buttons-post pdfprnt-top-right\"><a href=\"https:\/\/www.obgc.unibs.it\/osservatorio\/index.php\/wp-json\/wp\/v2\/posts\/1913?print=pdf\" class=\"pdfprnt-button pdfprnt-button-pdf\" target=\"_blank\" ><img decoding=\"async\" src=\"https:\/\/www.obgc.unibs.it\/osservatorio\/wp-content\/plugins\/pdf-print\/images\/pdf.png\" alt=\"image_pdf\" title=\"Visualizza PDF\" \/><\/a><a href=\"https:\/\/www.obgc.unibs.it\/osservatorio\/index.php\/wp-json\/wp\/v2\/posts\/1913?print=print\" class=\"pdfprnt-button pdfprnt-button-print\" target=\"_blank\" ><img decoding=\"async\" src=\"https:\/\/www.obgc.unibs.it\/osservatorio\/wp-content\/plugins\/pdf-print\/images\/print.png\" alt=\"image_print\" title=\"Stampa contenuto\" \/><\/a><\/div>\n<p>Il termine di prescrizione dell\u2019azione di responsabilit\u00e0 dei creditori sociali esercitata dalla curatela fallimentare decorre dal momento della oggettiva percepibilit\u00e0, da parte dei creditori, dell\u2019insufficienza dell\u2019attivo a soddisfare i debiti sociali. Al riguardo \u00e8 onere degli amministratori (e dei sindaci) fornire la prova della data di inizio della decorrenza della prescrizione attraverso la deduzione di fatti sintomatici dell\u2019incapienza patrimoniale che si siano (eventualmente) verificati precedentemente alla dichiarazione di fallimento (che costituisce, secondo l\u2019<em>id quod plerumque accidit<\/em>,il momento storico in cui l\u2019incapienza patrimoniale risulta, senza dubbio, conoscibile ai creditori ed \u00e8, pertanto, oggetto di una presunzione <em>juris tantum<\/em>).<\/p>\n\n\n\n<p>Ai fini della esperibilit\u00e0 dell\u2019azione di responsabilit\u00e0 dei creditori sociali, la conoscenza dello stato di \u201cdepatrimonializzazione\u201d di una societ\u00e0 decorre dal momento della pubblicazione nel Registro delle Imprese del bilancio dal quale risulti una completa erosione del capitale sociale.<\/p>\n\n\n\n<p>La mancata consegna al curatore da parte del liquidatore della&nbsp;contabilit\u00e0 relativa ad alcuni esercizi non \u00e8 di per s\u00e9 sintomatica della mancanza, distruzione o irregolarit\u00e0 originaria della stessa.<\/p>\n\n\n\n<p><a href=\"https:\/\/centroanomaliebancarie.it\/2014\/11\/05\/cassazione-civile-sez-i-22-maggio-2014-n-11400\/\"><\/a><em>Princ\u00ecpi espressi nel giudizio promosso da una curatela fallimentare al fine di ottenere l\u2019accertamento della responsabilit\u00e0 contrattuale ed extra-contrattuale di amministratori e sindaci per atti di <\/em>mala gestio<em> e\/o di omesso controllo, nonch\u00e9 la relativa condanna in via tra loro solidale al risarcimento dei danni derivati alla societ\u00e0 ed ai creditori sociali.<\/em><\/p>\n\n\n\n<div class=\"wp-block-file\"><a id=\"wp-block-file--media-b088a7cb-6701-4165-8a5d-e0a4476d7238\" href=\"https:\/\/www.obgc.unibs.it\/osservatorio\/wp-content\/uploads\/2024\/05\/Sent.-28.11.2023-n.-3054.pdf\">Sent. 28.11.2023 n. 3054<\/a><a href=\"https:\/\/www.obgc.unibs.it\/osservatorio\/wp-content\/uploads\/2024\/05\/Sent.-28.11.2023-n.-3054.pdf\" class=\"wp-block-file__button wp-element-button\" download aria-describedby=\"wp-block-file--media-b088a7cb-6701-4165-8a5d-e0a4476d7238\">Download<\/a><\/div>\n\n\n\n<p>(Massima a cura di Giulio Bargnani)<\/p>\n","protected":false},"excerpt":{"rendered":"<p>Il termine di prescrizione dell\u2019azione di responsabilit\u00e0 dei creditori sociali esercitata dalla curatela fallimentare decorre dal momento della oggettiva percepibilit\u00e0, da parte dei creditori, dell\u2019insufficienza dell\u2019attivo a soddisfare i debiti sociali. Al riguardo \u00e8 onere degli amministratori (e dei sindaci) fornire la prova della data di inizio della decorrenza della prescrizione attraverso la deduzione di [&hellip;]<\/p>\n","protected":false},"author":6,"featured_media":0,"comment_status":"closed","ping_status":"closed","sticky":false,"template":"","format":"standard","meta":{"footnotes":""},"categories":[1355,1344,1,1149],"tags":[1438,1439,1440,224,1441,150],"class_list":["post-1913","post","type-post","status-publish","format-standard","hentry","category-responsabilita-amministratori","category-responsabilita-organi-societari","category-societa","category-societa-a-responsabilita-limitata","tag-azione-di-responsabilita-promossa-dalla-curatela-ex-art-146","tag-co-2","tag-l-fall","tag-mala-gestio","tag-onere-probatorio","tag-prescrizione"],"post_mailing_queue_ids":[],"_links":{"self":[{"href":"https:\/\/www.obgc.unibs.it\/osservatorio\/index.php\/wp-json\/wp\/v2\/posts\/1913","targetHints":{"allow":["GET"]}}],"collection":[{"href":"https:\/\/www.obgc.unibs.it\/osservatorio\/index.php\/wp-json\/wp\/v2\/posts"}],"about":[{"href":"https:\/\/www.obgc.unibs.it\/osservatorio\/index.php\/wp-json\/wp\/v2\/types\/post"}],"author":[{"embeddable":true,"href":"https:\/\/www.obgc.unibs.it\/osservatorio\/index.php\/wp-json\/wp\/v2\/users\/6"}],"replies":[{"embeddable":true,"href":"https:\/\/www.obgc.unibs.it\/osservatorio\/index.php\/wp-json\/wp\/v2\/comments?post=1913"}],"version-history":[{"count":1,"href":"https:\/\/www.obgc.unibs.it\/osservatorio\/index.php\/wp-json\/wp\/v2\/posts\/1913\/revisions"}],"predecessor-version":[{"id":1915,"href":"https:\/\/www.obgc.unibs.it\/osservatorio\/index.php\/wp-json\/wp\/v2\/posts\/1913\/revisions\/1915"}],"wp:attachment":[{"href":"https:\/\/www.obgc.unibs.it\/osservatorio\/index.php\/wp-json\/wp\/v2\/media?parent=1913"}],"wp:term":[{"taxonomy":"category","embeddable":true,"href":"https:\/\/www.obgc.unibs.it\/osservatorio\/index.php\/wp-json\/wp\/v2\/categories?post=1913"},{"taxonomy":"post_tag","embeddable":true,"href":"https:\/\/www.obgc.unibs.it\/osservatorio\/index.php\/wp-json\/wp\/v2\/tags?post=1913"}],"curies":[{"name":"wp","href":"https:\/\/api.w.org\/{rel}","templated":true}]}}