{"id":1598,"date":"2023-05-16T18:14:10","date_gmt":"2023-05-16T16:14:10","guid":{"rendered":"https:\/\/www.obgc.unibs.it\/osservatorio\/?p=1598"},"modified":"2023-07-18T10:17:09","modified_gmt":"2023-07-18T08:17:09","slug":"tribunale-di-brescia-sentenza-del-16-maggio-2023-n-1174-s-r-l-dimissioni-dellamministratore-revoca-dellamministratore-assenza-di-giusta-causa-risarcimento-del-danno","status":"publish","type":"post","link":"https:\/\/www.obgc.unibs.it\/osservatorio\/index.php\/2023\/05\/16\/tribunale-di-brescia-sentenza-del-16-maggio-2023-n-1174-s-r-l-dimissioni-dellamministratore-revoca-dellamministratore-assenza-di-giusta-causa-risarcimento-del-danno\/","title":{"rendered":"Tribunale di Brescia, sentenza del 16 maggio 2023, n. 1174 \u2013 s.r.l., dimissioni dell\u2019amministratore, revoca dell\u2019amministratore, assenza di giusta causa, risarcimento del danno"},"content":{"rendered":"<div class=\"pdfprnt-buttons pdfprnt-buttons-post pdfprnt-top-right\"><a href=\"https:\/\/www.obgc.unibs.it\/osservatorio\/index.php\/wp-json\/wp\/v2\/posts\/1598?print=pdf\" class=\"pdfprnt-button pdfprnt-button-pdf\" target=\"_blank\" ><img decoding=\"async\" src=\"https:\/\/www.obgc.unibs.it\/osservatorio\/wp-content\/plugins\/pdf-print\/images\/pdf.png\" alt=\"image_pdf\" title=\"Visualizza PDF\" \/><\/a><a href=\"https:\/\/www.obgc.unibs.it\/osservatorio\/index.php\/wp-json\/wp\/v2\/posts\/1598?print=print\" class=\"pdfprnt-button pdfprnt-button-print\" target=\"_blank\" ><img decoding=\"async\" src=\"https:\/\/www.obgc.unibs.it\/osservatorio\/wp-content\/plugins\/pdf-print\/images\/print.png\" alt=\"image_print\" title=\"Stampa contenuto\" \/><\/a><\/div>\n<p>L\u2019atto di dimissione dall\u2019incarico di amministratore di societ\u00e0 di capitali, poich\u00e9 suscettibile di iscrizione&nbsp;nel registro delle imprese,&nbsp;deve assumere carattere rituale; la volont\u00e0 di rinunciare all\u2019incarico, dunque, deve essere espressa in atto scritto debitamente trasmesso&nbsp;alla societ\u00e0, ovvero risultare da una dichiarazione contenuta in un verbale dell\u2019assemblea dei soci o del consiglio di amministrazione. La rinuncia non pu\u00f2 essere desunta per fatti concludenti, ovvero ancora da dichiarazioni verbali da provarsi per testimoni. &nbsp;<\/p>\n\n\n\n<p>Nella societ\u00e0 a responsabilit\u00e0 limitata, se l\u2019amministratore \u00e8 nominato a tempo indeterminato, in caso di revoca deliberata dall\u2019assemblea in assenza di giusta causa, ai fini della sussistenza di un diritto al risarcimento del danno non si applica l\u2019art. 2383, comma terzo, c.c. (non richiamato direttamente, del resto, dall\u2019art. 2475 c.c.), ma l\u2019art. 1725, comma secondo, c.c., sicch\u00e9 la societ\u00e0 deve risarcire il danno all\u2019amministratore revocato solo in mancanza di un congruo preavviso.&nbsp;<\/p>\n\n\n\n<p>Diversamente opinando, la societ\u00e0 non potrebbe revocare l\u2019amministratore nominato a tempo indeterminato in assenza di giusta causa senza l\u2019insorgere di un contestuale obbligo di risarcimento del danno, in spregio al carattere fiduciario che contraddistingue tale incarico (cfr. Cass. n. 9482\/1999). In mancanza di un\u2019espressa norma in materia di societ\u00e0 a responsabilit\u00e0 limitata che disciplini la fattispecie, bisogna dunque ricorrere \u2013 in virt\u00f9 del condiviso carattere fiduciario dei due incarichi \u2013 all\u2019applicazione analogica della disciplina in tema di risarcimento del danno conseguente alla revoca del mandato a tempo indeterminato (cfr. Cass. n. 9482\/1999 e Cass. n. 3312\/2000).&nbsp;<\/p>\n\n\n\n<p><em>Princ\u00ecpi espressi nel contesto di un\u2019azione di accertamento dell\u2019illegittimit\u00e0 della delibera di revoca di un amministratore di societ\u00e0 a responsabilit\u00e0 limitata nominato a tempo indeterminato e di condanna al risarcimento del danno per mancanza di giusta causa ai sensi dell\u2019art. 2383, comma terzo, c.c. Il Tribunale ha accolto solo parzialmente la domanda di condanna, individuando per\u00f2, quale fondamento dell\u2019obbligo di risarcimento, non l\u2019asserita assenza di una giusta causa di revoca ai sensi dell\u2019art. 2383, comma terzo, c.c., bens\u00ec l\u2019improvvisa interruzione del rapporto conseguente alla mancanza di un congruo termine di preavviso <\/em>ex<em> art. 1725, comma secondo, c.c.<\/em>\u00a0<\/p>\n\n\n\n<div class=\"wp-block-file\"><a id=\"wp-block-file--media-7bdc7984-fcd7-4ff6-894b-59552a55d6df\" href=\"https:\/\/www.obgc.unibs.it\/osservatorio\/wp-content\/uploads\/2023\/07\/Sent.-16.05.2023-n.-1174.pdf\">Sent. 16.05.2023 n. 1174<\/a><a href=\"https:\/\/www.obgc.unibs.it\/osservatorio\/wp-content\/uploads\/2023\/07\/Sent.-16.05.2023-n.-1174.pdf\" class=\"wp-block-file__button wp-element-button\" download aria-describedby=\"wp-block-file--media-7bdc7984-fcd7-4ff6-894b-59552a55d6df\">Download<\/a><\/div>\n\n\n\n<p>(Massime a cura di Giovanni Gitti)&nbsp;<\/p>\n","protected":false},"excerpt":{"rendered":"<p>L\u2019atto di dimissione dall\u2019incarico di amministratore di societ\u00e0 di capitali, poich\u00e9 suscettibile di iscrizione&nbsp;nel registro delle imprese,&nbsp;deve assumere carattere rituale; la volont\u00e0 di rinunciare all\u2019incarico, dunque, deve essere espressa in atto scritto debitamente trasmesso&nbsp;alla societ\u00e0, ovvero risultare da una dichiarazione contenuta in un verbale dell\u2019assemblea dei soci o del consiglio di amministrazione. La rinuncia non [&hellip;]<\/p>\n","protected":false},"author":9,"featured_media":0,"comment_status":"closed","ping_status":"closed","sticky":false,"template":"","format":"standard","meta":{"footnotes":""},"categories":[1,1149],"tags":[1181,1180,379,125,52],"class_list":["post-1598","post","type-post","status-publish","format-standard","hentry","category-societa","category-societa-a-responsabilita-limitata","tag-assenza-di-giusta-causa","tag-dimissioni-dellamministratore","tag-revoca-dellamministratore","tag-risarcimento-del-danno","tag-s-r-l"],"post_mailing_queue_ids":[],"_links":{"self":[{"href":"https:\/\/www.obgc.unibs.it\/osservatorio\/index.php\/wp-json\/wp\/v2\/posts\/1598","targetHints":{"allow":["GET"]}}],"collection":[{"href":"https:\/\/www.obgc.unibs.it\/osservatorio\/index.php\/wp-json\/wp\/v2\/posts"}],"about":[{"href":"https:\/\/www.obgc.unibs.it\/osservatorio\/index.php\/wp-json\/wp\/v2\/types\/post"}],"author":[{"embeddable":true,"href":"https:\/\/www.obgc.unibs.it\/osservatorio\/index.php\/wp-json\/wp\/v2\/users\/9"}],"replies":[{"embeddable":true,"href":"https:\/\/www.obgc.unibs.it\/osservatorio\/index.php\/wp-json\/wp\/v2\/comments?post=1598"}],"version-history":[{"count":1,"href":"https:\/\/www.obgc.unibs.it\/osservatorio\/index.php\/wp-json\/wp\/v2\/posts\/1598\/revisions"}],"predecessor-version":[{"id":1600,"href":"https:\/\/www.obgc.unibs.it\/osservatorio\/index.php\/wp-json\/wp\/v2\/posts\/1598\/revisions\/1600"}],"wp:attachment":[{"href":"https:\/\/www.obgc.unibs.it\/osservatorio\/index.php\/wp-json\/wp\/v2\/media?parent=1598"}],"wp:term":[{"taxonomy":"category","embeddable":true,"href":"https:\/\/www.obgc.unibs.it\/osservatorio\/index.php\/wp-json\/wp\/v2\/categories?post=1598"},{"taxonomy":"post_tag","embeddable":true,"href":"https:\/\/www.obgc.unibs.it\/osservatorio\/index.php\/wp-json\/wp\/v2\/tags?post=1598"}],"curies":[{"name":"wp","href":"https:\/\/api.w.org\/{rel}","templated":true}]}}